{"id":5965,"date":"2026-03-08T05:37:12","date_gmt":"2026-03-08T05:37:12","guid":{"rendered":"https:\/\/infoelnordeste.com\/?p=5965"},"modified":"2026-03-09T17:18:18","modified_gmt":"2026-03-09T17:18:18","slug":"mojtaba-jamenei-fue-designado-como-nuevo-lider-supremo-de-iran","status":"publish","type":"post","link":"https:\/\/infoelnordeste.com\/index.php\/2026\/03\/08\/mojtaba-jamenei-fue-designado-como-nuevo-lider-supremo-de-iran\/","title":{"rendered":"Mojtaba Jamenei fue designado como nuevo l\u00edder supremo de Ir\u00e1n"},"content":{"rendered":"\n<h4 class=\"wp-block-heading\">La elecci\u00f3n se produjo en medio de la guerra con Estados Unidos e Israel, tras la muerte de Ali Jamenei en los recientes ataques.<\/h4>\n\n\n\n<p>La Asamblea de Expertos de Ir\u00e1n design\u00f3 a Mojtaba Jamenei como nuevo l\u00edder supremo de Ir\u00e1n, en reemplazo de su padre, el ayatol\u00e1 Ali Jamenei, quien muri\u00f3 el 28 de febrero durante una ola de ataques atribuidos a Estados Unidos y Israel.<\/p>\n\n\n\n<p>La sucesi\u00f3n fue confirmada por medios estatales iran\u00edes tras una sesi\u00f3n extraordinaria del \u00f3rgano encargado de elegir al l\u00edder supremo. Con este nombramiento, Mojtaba Jamenei se convierte en el tercer l\u00edder supremo desde la Revoluci\u00f3n Isl\u00e1mica de 1979, iniciada por Ruhollah Jomeini, quien gobern\u00f3 hasta su muerte en 1989, cuando fue sucedido por Ali Jamenei.<\/p>\n\n\n\n<p>El nuevo l\u00edder, de 54 a\u00f1os, era se\u00f1alado desde hace tiempo como uno de los principales candidatos para ocupar el cargo, debido a su cercan\u00eda con los sectores conservadores del clero chiita y su influencia dentro de la Guardia Revolucionaria Isl\u00e1mica.<\/p>\n\n\n\n<p>La elecci\u00f3n se produce en un contexto de fuerte tensi\u00f3n regional, mientras contin\u00faan los ataques cruzados entre Ir\u00e1n, Israel y fuerzas estadounidenses.<\/p>\n\n\n\n<figure class=\"wp-block-image size-large\"><img loading=\"lazy\" decoding=\"async\" width=\"768\" height=\"1024\" src=\"https:\/\/infoelnordeste.com\/wp-content\/uploads\/2026\/03\/image-53-768x1024.png\" alt=\"\" class=\"wp-image-5967\" srcset=\"https:\/\/infoelnordeste.com\/wp-content\/uploads\/2026\/03\/image-53-768x1024.png 768w, https:\/\/infoelnordeste.com\/wp-content\/uploads\/2026\/03\/image-53-225x300.png 225w, https:\/\/infoelnordeste.com\/wp-content\/uploads\/2026\/03\/image-53.png 900w\" sizes=\"auto, (max-width: 768px) 100vw, 768px\" \/><\/figure>\n\n\n\n<p>Desde Washington, el presidente Donald Trump reaccion\u00f3 con dureza al nombramiento. \u201cQuienquiera que sea designado para reemplazar al fallecido l\u00edder supremo no durar\u00e1 mucho sin la aprobaci\u00f3n de Estados Unidos\u201d, afirm\u00f3.<\/p>\n\n\n\n<p>Por su parte, el ej\u00e9rcito israel\u00ed tambi\u00e9n lanz\u00f3 advertencias a trav\u00e9s de mensajes difundidos en idioma persa, en los que asegur\u00f3 que continuar\u00e1 atacando a cualquier sucesor del l\u00edder fallecido y a quienes participen en su designaci\u00f3n.<\/p>\n\n\n\n<p>El gobierno iran\u00ed, en tanto, insisti\u00f3 en que la elecci\u00f3n del l\u00edder supremo es un asunto interno del pa\u00eds y que la decisi\u00f3n adoptada por la Asamblea de Expertos se realiz\u00f3 siguiendo el protocolo previsto para la sucesi\u00f3n.<\/p>\n","protected":false},"excerpt":{"rendered":"<p>La elecci\u00f3n se produjo en [&hellip;]<\/p>\n","protected":false},"author":1,"featured_media":5966,"comment_status":"closed","ping_status":"closed","sticky":false,"template":"","format":"standard","meta":{"footnotes":""},"categories":[4],"tags":[],"class_list":["post-5965","post","type-post","status-publish","format-standard","has-post-thumbnail","hentry","category-internacionales"],"_links":{"self":[{"href":"https:\/\/infoelnordeste.com\/index.php\/wp-json\/wp\/v2\/posts\/5965","targetHints":{"allow":["GET"]}}],"collection":[{"href":"https:\/\/infoelnordeste.com\/index.php\/wp-json\/wp\/v2\/posts"}],"about":[{"href":"https:\/\/infoelnordeste.com\/index.php\/wp-json\/wp\/v2\/types\/post"}],"author":[{"embeddable":true,"href":"https:\/\/infoelnordeste.com\/index.php\/wp-json\/wp\/v2\/users\/1"}],"replies":[{"embeddable":true,"href":"https:\/\/infoelnordeste.com\/index.php\/wp-json\/wp\/v2\/comments?post=5965"}],"version-history":[{"count":1,"href":"https:\/\/infoelnordeste.com\/index.php\/wp-json\/wp\/v2\/posts\/5965\/revisions"}],"predecessor-version":[{"id":5968,"href":"https:\/\/infoelnordeste.com\/index.php\/wp-json\/wp\/v2\/posts\/5965\/revisions\/5968"}],"wp:featuredmedia":[{"embeddable":true,"href":"https:\/\/infoelnordeste.com\/index.php\/wp-json\/wp\/v2\/media\/5966"}],"wp:attachment":[{"href":"https:\/\/infoelnordeste.com\/index.php\/wp-json\/wp\/v2\/media?parent=5965"}],"wp:term":[{"taxonomy":"category","embeddable":true,"href":"https:\/\/infoelnordeste.com\/index.php\/wp-json\/wp\/v2\/categories?post=5965"},{"taxonomy":"post_tag","embeddable":true,"href":"https:\/\/infoelnordeste.com\/index.php\/wp-json\/wp\/v2\/tags?post=5965"}],"curies":[{"name":"wp","href":"https:\/\/api.w.org\/{rel}","templated":true}]}}