{"id":5962,"date":"2026-03-08T05:35:36","date_gmt":"2026-03-08T05:35:36","guid":{"rendered":"https:\/\/infoelnordeste.com\/?p=5962"},"modified":"2026-03-09T17:18:11","modified_gmt":"2026-03-09T17:18:11","slug":"el-gobierno-critico-politicas-de-genero-pasadas-por-el-dia-de-la-mujer","status":"publish","type":"post","link":"https:\/\/infoelnordeste.com\/index.php\/2026\/03\/08\/el-gobierno-critico-politicas-de-genero-pasadas-por-el-dia-de-la-mujer\/","title":{"rendered":"El Gobierno critic\u00f3 pol\u00edticas de g\u00e9nero pasadas por el D\u00eda de la Mujer"},"content":{"rendered":"\n<h4 class=\"wp-block-heading\">La gesti\u00f3n de Javier Milei critic\u00f3 las pol\u00edticas de g\u00e9nero de administraciones anteriores y sostuvo que \u201cel verdadero homenaje a las mujeres no es multiplicar estructuras pol\u00edticas in\u00fatiles\u201d.<\/h4>\n\n\n\n<p>En el marco del D\u00eda Internacional de la Mujer, el gobierno encabezado por Javier Milei public\u00f3 un mensaje institucional en redes sociales en el que cuestion\u00f3 las pol\u00edticas de g\u00e9nero impulsadas en administraciones anteriores.<\/p>\n\n\n\n<p>El comunicado fue difundido a trav\u00e9s de la cuenta oficial de la Casa Rosada en la red social X. En el texto se se\u00f1ala que \u201cdurante a\u00f1os una causa noble fue utilizada para sostener estructuras pol\u00edticas millonarias, imponer agendas ideol\u00f3gicas absurdas y dividir a los argentinos\u201d.<\/p>\n\n\n\n<p>\u201cHoy la Argentina celebra a las mujeres que, con libertad, m\u00e9rito y esfuerzo, construyen el futuro de la Patria\u201d, agrega el mensaje oficial.<\/p>\n\n\n\n<p>Adem\u00e1s del comunicado, el Gobierno difundi\u00f3 un video institucional en el que sostiene que durante d\u00e9cadas la causa de la igualdad de g\u00e9nero fue \u201cdistorsionada y transformada en una estructura destinada a concentrar militancia pol\u00edtica\u201d. En ese contexto se menciona la creaci\u00f3n del Ministerio de las Mujeres, G\u00e9neros y Diversidad en 2019, al que el material oficial califica como \u201cel comienzo del saqueo\u201d y una \u201cestafa millonaria\u201d, afirmando que no gener\u00f3 avances concretos.<\/p>\n\n\n\n<p>El video tambi\u00e9n plantea que mientras se impulsaba la agenda de g\u00e9nero \u201cla inflaci\u00f3n castigaba con mayor intensidad, la pobreza avanzaba y la inseguridad crec\u00eda\u201d.<\/p>\n\n\n\n<p>Desde el Ejecutivo sostienen que el rumbo actual debe basarse en \u201cigualdad ante la ley, libertad econ\u00f3mica y d\u00e9ficit cero para poner fin a la inflaci\u00f3n que golpea primero a los sectores m\u00e1s vulnerables\u201d.<\/p>\n\n\n\n<p>\u201cEl verdadero homenaje a las mujeres no es multiplicar estructuras pol\u00edticas in\u00fatiles que nunca dieron resultados, sino construir un pa\u00eds donde cada argentina pueda vivir segura, trabajar en libertad y progresar gracias a su propio esfuerzo\u201d, concluye el mensaje oficial.<\/p>\n","protected":false},"excerpt":{"rendered":"<p>La gesti\u00f3n de Javier Milei [&hellip;]<\/p>\n","protected":false},"author":1,"featured_media":5963,"comment_status":"closed","ping_status":"closed","sticky":false,"template":"","format":"standard","meta":{"footnotes":""},"categories":[21],"tags":[],"class_list":["post-5962","post","type-post","status-publish","format-standard","has-post-thumbnail","hentry","category-actualidad"],"_links":{"self":[{"href":"https:\/\/infoelnordeste.com\/index.php\/wp-json\/wp\/v2\/posts\/5962","targetHints":{"allow":["GET"]}}],"collection":[{"href":"https:\/\/infoelnordeste.com\/index.php\/wp-json\/wp\/v2\/posts"}],"about":[{"href":"https:\/\/infoelnordeste.com\/index.php\/wp-json\/wp\/v2\/types\/post"}],"author":[{"embeddable":true,"href":"https:\/\/infoelnordeste.com\/index.php\/wp-json\/wp\/v2\/users\/1"}],"replies":[{"embeddable":true,"href":"https:\/\/infoelnordeste.com\/index.php\/wp-json\/wp\/v2\/comments?post=5962"}],"version-history":[{"count":1,"href":"https:\/\/infoelnordeste.com\/index.php\/wp-json\/wp\/v2\/posts\/5962\/revisions"}],"predecessor-version":[{"id":5964,"href":"https:\/\/infoelnordeste.com\/index.php\/wp-json\/wp\/v2\/posts\/5962\/revisions\/5964"}],"wp:featuredmedia":[{"embeddable":true,"href":"https:\/\/infoelnordeste.com\/index.php\/wp-json\/wp\/v2\/media\/5963"}],"wp:attachment":[{"href":"https:\/\/infoelnordeste.com\/index.php\/wp-json\/wp\/v2\/media?parent=5962"}],"wp:term":[{"taxonomy":"category","embeddable":true,"href":"https:\/\/infoelnordeste.com\/index.php\/wp-json\/wp\/v2\/categories?post=5962"},{"taxonomy":"post_tag","embeddable":true,"href":"https:\/\/infoelnordeste.com\/index.php\/wp-json\/wp\/v2\/tags?post=5962"}],"curies":[{"name":"wp","href":"https:\/\/api.w.org\/{rel}","templated":true}]}}