{"id":5959,"date":"2026-03-08T05:32:08","date_gmt":"2026-03-08T05:32:08","guid":{"rendered":"https:\/\/infoelnordeste.com\/?p=5959"},"modified":"2026-03-09T17:18:07","modified_gmt":"2026-03-09T17:18:07","slug":"alumno-llevo-un-arma-al-colegio-y-se-disparo-frente-a-sus-companeros","status":"publish","type":"post","link":"https:\/\/infoelnordeste.com\/index.php\/2026\/03\/08\/alumno-llevo-un-arma-al-colegio-y-se-disparo-frente-a-sus-companeros\/","title":{"rendered":"Alumno llev\u00f3 un arma al colegio y se dispar\u00f3 frente a sus compa\u00f1eros"},"content":{"rendered":"\n<h4 class=\"wp-block-heading\">El joven\u00a0de 17 a\u00f1os\u00a0permanece internado con pron\u00f3stico reservado. La Justicia investiga si el hecho fue accidental o intencional y las clases fueron suspendidas en Posadas, Misiones. \u00a0<\/h4>\n\n\n\n<p>Un adolescente de 17 a\u00f1os se dispar\u00f3 en el pecho&nbsp;dentro de una escuela t\u00e9cnica de Posadas, frente a compa\u00f1eros y docentes durante un recreo. El joven fue trasladado de urgencia y permanece internado con pron\u00f3stico reservado mientras avanza la investigaci\u00f3n para determinar las circunstancias del hecho.<\/p>\n\n\n\n<p>El episodio ocurri\u00f3 en la tarde del pasado lunes en la Escuela Provincial de Educaci\u00f3n T\u00e9cnica N\u00b0 1 UNESCO y gener\u00f3 momentos de conmoci\u00f3n entre la comunidad educativa. Seg\u00fan el reporte policial, el alumno manipulaba un rev\u00f3lver calibre 22 \u2014propiedad de su abuela\u2014 cuando efectu\u00f3 el disparo. El arma, que ten\u00eda ocho proyectiles en su interior, fue hallada posteriormente en el patio del establecimiento.<\/p>\n\n\n\n<p>Testimonios recogidos entre los estudiantes se\u00f1alaron que la secuencia ocurri\u00f3 de manera repentina durante el descanso entre clases. En un primer momento se especul\u00f3 con la posibilidad de un disparo de aire comprimido, aunque la investigaci\u00f3n posterior confirm\u00f3 el calibre real del arma y su procedencia.<\/p>\n\n\n\n<p>Tras el disparo, las autoridades escolares solicitaron la intervenci\u00f3n del Centro Integral de Operaciones y una ambulancia. El adolescente fue asistido en el lugar y presentaba una herida de arma de fuego en el pecho. Luego fue trasladado en estado cr\u00edtico al Hospital Escuela de Agudos Dr. Ram\u00f3n Madariaga, donde ingres\u00f3 con un cuadro de shock hipovol\u00e9mico provocado por una importante p\u00e9rdida de sangre.<\/p>\n\n\n\n<p>El \u00faltimo parte m\u00e9dico indica que el estudiante presenta neumot\u00f3rax y que su estado general contin\u00faa siendo grave, aunque estable.<\/p>\n\n\n\n<p>Fuentes policiales confirmaron que intervino la Direcci\u00f3n de Prevenci\u00f3n del Suicidio de Misiones y que la Comisi\u00f3n para el Abordaje Integral del Suicidio activ\u00f3 protocolos de asistencia psicol\u00f3gica y contenci\u00f3n para el estudiante, su familia y la comunidad educativa.<\/p>\n\n\n\n<p>Tras el episodio, la conducci\u00f3n de la escuela inform\u00f3 que las clases permanecer\u00e1n suspendidas este martes. El Ministerio de Educaci\u00f3n de Misiones y el gabinete psicopedag\u00f3gico anunciaron la realizaci\u00f3n de talleres de contenci\u00f3n emocional destinados a alumnos y docentes que presenciaron el hecho.<\/p>\n\n\n\n<p>Adem\u00e1s, equipos interdisciplinarios del Ministerio de Educaci\u00f3n, Ciencia y Tecnolog\u00eda de Misiones y del Consejo General de Educaci\u00f3n de Misiones trabajan en la instituci\u00f3n para brindar apoyo integral a la comunidad escolar.<\/p>\n\n\n\n<p><\/p>\n","protected":false},"excerpt":{"rendered":"<p>El joven\u00a0de 17 a\u00f1os\u00a0permanece internado [&hellip;]<\/p>\n","protected":false},"author":1,"featured_media":5960,"comment_status":"closed","ping_status":"closed","sticky":false,"template":"","format":"standard","meta":{"footnotes":""},"categories":[115],"tags":[],"class_list":["post-5959","post","type-post","status-publish","format-standard","has-post-thumbnail","hentry","category-policiales"],"_links":{"self":[{"href":"https:\/\/infoelnordeste.com\/index.php\/wp-json\/wp\/v2\/posts\/5959","targetHints":{"allow":["GET"]}}],"collection":[{"href":"https:\/\/infoelnordeste.com\/index.php\/wp-json\/wp\/v2\/posts"}],"about":[{"href":"https:\/\/infoelnordeste.com\/index.php\/wp-json\/wp\/v2\/types\/post"}],"author":[{"embeddable":true,"href":"https:\/\/infoelnordeste.com\/index.php\/wp-json\/wp\/v2\/users\/1"}],"replies":[{"embeddable":true,"href":"https:\/\/infoelnordeste.com\/index.php\/wp-json\/wp\/v2\/comments?post=5959"}],"version-history":[{"count":1,"href":"https:\/\/infoelnordeste.com\/index.php\/wp-json\/wp\/v2\/posts\/5959\/revisions"}],"predecessor-version":[{"id":5961,"href":"https:\/\/infoelnordeste.com\/index.php\/wp-json\/wp\/v2\/posts\/5959\/revisions\/5961"}],"wp:featuredmedia":[{"embeddable":true,"href":"https:\/\/infoelnordeste.com\/index.php\/wp-json\/wp\/v2\/media\/5960"}],"wp:attachment":[{"href":"https:\/\/infoelnordeste.com\/index.php\/wp-json\/wp\/v2\/media?parent=5959"}],"wp:term":[{"taxonomy":"category","embeddable":true,"href":"https:\/\/infoelnordeste.com\/index.php\/wp-json\/wp\/v2\/categories?post=5959"},{"taxonomy":"post_tag","embeddable":true,"href":"https:\/\/infoelnordeste.com\/index.php\/wp-json\/wp\/v2\/tags?post=5959"}],"curies":[{"name":"wp","href":"https:\/\/api.w.org\/{rel}","templated":true}]}}