{"id":5953,"date":"2026-03-07T05:14:06","date_gmt":"2026-03-07T05:14:06","guid":{"rendered":"https:\/\/infoelnordeste.com\/?p=5953"},"modified":"2026-03-09T17:17:01","modified_gmt":"2026-03-09T17:17:01","slug":"presentan-un-proyecto-de-resolucion-para-repatriar-argentinos-varados-en-medio-oriente","status":"publish","type":"post","link":"https:\/\/infoelnordeste.com\/index.php\/2026\/03\/07\/presentan-un-proyecto-de-resolucion-para-repatriar-argentinos-varados-en-medio-oriente\/","title":{"rendered":"Presentan un proyecto de Resoluci\u00f3n para repatriar argentinos varados en Medio Oriente"},"content":{"rendered":"\n<h4 class=\"wp-block-heading\">Legisladores impulsaron una iniciativa que pide al Poder Ejecutivo adoptar &#8220;con car\u00e1cter urgente&#8221; medidas para garantizar el regreso seguro de ciudadanos argentinos ante el nuevo conflicto en la regi\u00f3n.\u00a0<\/h4>\n\n\n\n<p>Miembros de distintos bloques de la C\u00e1mara de Diputados presentaron este viernes por la tarde un proyecto de Resoluci\u00f3n para los argentinos varados en Medio Oriente, luego del inicio de un nuevo conflicto en la regi\u00f3n el s\u00e1bado pasado. La iniciativa legislativa exige al Poder Ejecutivo &#8221; que adopte con car\u00e1cter urgente las medidas necesarias a fin de garantizar su repatriaci\u00f3n segura hacia la Rep\u00fablica Argentina&#8221;.<\/p>\n\n\n\n<p>El proyecto de Resoluci\u00f3n est\u00e1 integrado por todos los miembros de Uni\u00f3n por la Patria, aunque tambi\u00e9n incluye a Nicol\u00e1s Massot, de Encuentro Federal, Esteban Paul\u00f3n, del Partido Socialista y Marcela Pagano del bloque exlibertario Coherencia.&nbsp;<\/p>\n\n\n\n<p>En los fundamentos del proyecto, los legisladores advirtieron que la escalada del conflicto internacional gener\u00f3 un escenario de incertidumbre para ciudadanos argentinos que se encuentran actualmente en Medio Oriente. Seg\u00fan se\u00f1alaron, las restricciones operativas y de seguridad en contextos de crisis dificultan el funcionamiento normal de los vuelos comerciales, lo que complica el regreso de quienes intentan retornar al pa\u00eds por sus propios medios.<\/p>\n\n\n\n<p>En ese contexto, remarcaron que el Estado argentino tiene la responsabilidad de asistir y proteger a sus ciudadanos en el exterior, especialmente en situaciones de conflicto armado o emergencias internacionales. Para los firmantes de la iniciativa, garantizar mecanismos de asistencia y eventual evacuaci\u00f3n forma parte de las obligaciones b\u00e1sicas del Estado cuando la seguridad o la movilidad de los argentinos fuera del pa\u00eds se ven comprometidas.<\/p>\n\n\n\n<p>Adem\u00e1s, recordaron antecedentes recientes en los que el Gobierno argentino organiz\u00f3 operativos especiales de evacuaci\u00f3n ante escenarios similares. Uno de ellos ocurri\u00f3 durante una escalada previa del conflicto en Medio Oriente, cuando se mont\u00f3 un puente a\u00e9reo para trasladar ciudadanos argentinos desde Israel hacia Roma, desde donde luego pudieron continuar su regreso al pa\u00eds en vuelos comerciales.<\/p>\n\n\n\n<p>Antecedentes de repatriaci\u00f3n<\/p>\n\n\n\n<p>Aquel operativo fue coordinado entre Canciller\u00eda y el Ministerio de Defensa, con la participaci\u00f3n de aeronaves C-130 H\u00e9rcules y un Boeing 737 de la Fuerza A\u00e9rea Argentina. Seg\u00fan se\u00f1alaron los diputados en los fundamentos del proyecto, esa experiencia demostr\u00f3 la capacidad log\u00edstica del Estado para articular recursos diplom\u00e1ticos, militares y de transporte a\u00e9reo con el objetivo de garantizar el retorno seguro de los ciudadanos argentinos en situaciones de crisis internacional.<\/p>\n\n\n\n<p><\/p>\n","protected":false},"excerpt":{"rendered":"<p>Legisladores impulsaron una iniciativa que [&hellip;]<\/p>\n","protected":false},"author":1,"featured_media":5954,"comment_status":"closed","ping_status":"closed","sticky":false,"template":"","format":"standard","meta":{"footnotes":""},"categories":[3],"tags":[],"class_list":["post-5953","post","type-post","status-publish","format-standard","has-post-thumbnail","hentry","category-nacionales"],"_links":{"self":[{"href":"https:\/\/infoelnordeste.com\/index.php\/wp-json\/wp\/v2\/posts\/5953","targetHints":{"allow":["GET"]}}],"collection":[{"href":"https:\/\/infoelnordeste.com\/index.php\/wp-json\/wp\/v2\/posts"}],"about":[{"href":"https:\/\/infoelnordeste.com\/index.php\/wp-json\/wp\/v2\/types\/post"}],"author":[{"embeddable":true,"href":"https:\/\/infoelnordeste.com\/index.php\/wp-json\/wp\/v2\/users\/1"}],"replies":[{"embeddable":true,"href":"https:\/\/infoelnordeste.com\/index.php\/wp-json\/wp\/v2\/comments?post=5953"}],"version-history":[{"count":1,"href":"https:\/\/infoelnordeste.com\/index.php\/wp-json\/wp\/v2\/posts\/5953\/revisions"}],"predecessor-version":[{"id":5955,"href":"https:\/\/infoelnordeste.com\/index.php\/wp-json\/wp\/v2\/posts\/5953\/revisions\/5955"}],"wp:featuredmedia":[{"embeddable":true,"href":"https:\/\/infoelnordeste.com\/index.php\/wp-json\/wp\/v2\/media\/5954"}],"wp:attachment":[{"href":"https:\/\/infoelnordeste.com\/index.php\/wp-json\/wp\/v2\/media?parent=5953"}],"wp:term":[{"taxonomy":"category","embeddable":true,"href":"https:\/\/infoelnordeste.com\/index.php\/wp-json\/wp\/v2\/categories?post=5953"},{"taxonomy":"post_tag","embeddable":true,"href":"https:\/\/infoelnordeste.com\/index.php\/wp-json\/wp\/v2\/tags?post=5953"}],"curies":[{"name":"wp","href":"https:\/\/api.w.org\/{rel}","templated":true}]}}