{"id":5950,"date":"2026-03-07T05:07:21","date_gmt":"2026-03-07T05:07:21","guid":{"rendered":"https:\/\/infoelnordeste.com\/?p=5950"},"modified":"2026-03-09T17:16:56","modified_gmt":"2026-03-09T17:16:56","slug":"el-gobierno-de-corrientes-anuncio-aumentos-salariales-del-6-y-elevo-la-ayuda-escolar-a-230-000","status":"publish","type":"post","link":"https:\/\/infoelnordeste.com\/index.php\/2026\/03\/07\/el-gobierno-de-corrientes-anuncio-aumentos-salariales-del-6-y-elevo-la-ayuda-escolar-a-230-000\/","title":{"rendered":"El Gobierno de Corrientes anunci\u00f3 aumentos salariales del 6% y elev\u00f3 la ayuda escolar a $230.000"},"content":{"rendered":"\n<h4 class=\"wp-block-heading\">La Provincia confirm\u00f3 una nueva suba para trabajadores activos y jubilados, que comenzar\u00e1 a regir con los haberes de marzo. La medida incluye incrementos sectoriales y una actualizaci\u00f3n significativa de la ayuda escolar.<\/h4>\n\n\n\n<p>El Gobierno de Corrientes anunci\u00f3 un incremento salarial para trabajadores provinciales activos y jubilados, junto con una mejora en la ayuda escolar y subas diferenciadas por sector. Seg\u00fan se inform\u00f3 oficialmente, las medidas comenzar\u00e1n a regir a partir de marzo y representar\u00e1n una inversi\u00f3n anual de hasta 110.000 millones de pesos por parte del Estado provincial.<\/p>\n\n\n\n<p>En cuanto a la ayuda escolar, el beneficio se elevar\u00e1 a 230.000 pesos por hijo y se abonar\u00e1 por \u00fanica vez con el sueldo de marzo. Alcanzar\u00e1 a unos 40.000 beneficiarios de todos los niveles educativos, en el marco de una pol\u00edtica de acompa\u00f1amiento ante el inicio del ciclo lectivo.<\/p>\n\n\n\n<p>Para la administraci\u00f3n p\u00fablica general \u2014excluyendo docentes y personal de seguridad\u2014 se dispuso un aumento del 6% en la asignaci\u00f3n de clase de todas las categor\u00edas, con car\u00e1cter remunerativo. La medida tambi\u00e9n alcanza a excombatientes de Malvinas incluidos en la estructura salarial provincial.<\/p>\n\n\n\n<p>En el \u00e1rea de Salud P\u00fablica se aplicar\u00e1 un incremento del 50% en el valor de las guardias m\u00e9dicas. Adem\u00e1s, habr\u00e1 una suba del 6% para residentes provinciales y nacionales, beneficiarios de becas de fortalecimiento y de enfermer\u00eda, as\u00ed como para quienes integran el programa M\u00e1s y Mejor Trabajo.<\/p>\n\n\n\n<p>En el sector docente se otorgar\u00e1 un aumento del 6% al salario b\u00e1sico y se incrementar\u00e1 en un 25% el c\u00f3digo 632 de Complemento Docente Provincial. Este concepto es remunerativo y se liquida hasta en dos cargos, lo que impactar\u00e1 directamente en el haber mensual de los educadores.<\/p>\n\n\n\n<p>Por su parte, la Direcci\u00f3n de Vialidad Provincial recibir\u00e1 un aumento del 6% en el valor del sueldo b\u00e1sico. En tanto, en el \u00e1rea de Seguridad se estableci\u00f3 un incremento del 6% en el Valor Punto, se elev\u00f3 en igual porcentaje el m\u00ednimo garantizado y se actualizaron los c\u00f3digos 179, 180 y 601.<\/p>\n\n\n\n<p>Desde el Ejecutivo provincial se\u00f1alaron que estas medidas forman parte de una pol\u00edtica sostenida de recomposici\u00f3n salarial frente al contexto econ\u00f3mico actual. Con esta decisi\u00f3n, Corrientes busca fortalecer el poder adquisitivo de los trabajadores estatales y acompa\u00f1ar a las familias en el inicio del a\u00f1o escolar.<\/p>\n\n\n\n<p><\/p>\n","protected":false},"excerpt":{"rendered":"<p>La Provincia confirm\u00f3 una nueva [&hellip;]<\/p>\n","protected":false},"author":1,"featured_media":5951,"comment_status":"closed","ping_status":"closed","sticky":false,"template":"","format":"standard","meta":{"footnotes":""},"categories":[110],"tags":[],"class_list":["post-5950","post","type-post","status-publish","format-standard","has-post-thumbnail","hentry","category-politica"],"_links":{"self":[{"href":"https:\/\/infoelnordeste.com\/index.php\/wp-json\/wp\/v2\/posts\/5950","targetHints":{"allow":["GET"]}}],"collection":[{"href":"https:\/\/infoelnordeste.com\/index.php\/wp-json\/wp\/v2\/posts"}],"about":[{"href":"https:\/\/infoelnordeste.com\/index.php\/wp-json\/wp\/v2\/types\/post"}],"author":[{"embeddable":true,"href":"https:\/\/infoelnordeste.com\/index.php\/wp-json\/wp\/v2\/users\/1"}],"replies":[{"embeddable":true,"href":"https:\/\/infoelnordeste.com\/index.php\/wp-json\/wp\/v2\/comments?post=5950"}],"version-history":[{"count":1,"href":"https:\/\/infoelnordeste.com\/index.php\/wp-json\/wp\/v2\/posts\/5950\/revisions"}],"predecessor-version":[{"id":5952,"href":"https:\/\/infoelnordeste.com\/index.php\/wp-json\/wp\/v2\/posts\/5950\/revisions\/5952"}],"wp:featuredmedia":[{"embeddable":true,"href":"https:\/\/infoelnordeste.com\/index.php\/wp-json\/wp\/v2\/media\/5951"}],"wp:attachment":[{"href":"https:\/\/infoelnordeste.com\/index.php\/wp-json\/wp\/v2\/media?parent=5950"}],"wp:term":[{"taxonomy":"category","embeddable":true,"href":"https:\/\/infoelnordeste.com\/index.php\/wp-json\/wp\/v2\/categories?post=5950"},{"taxonomy":"post_tag","embeddable":true,"href":"https:\/\/infoelnordeste.com\/index.php\/wp-json\/wp\/v2\/tags?post=5950"}],"curies":[{"name":"wp","href":"https:\/\/api.w.org\/{rel}","templated":true}]}}