{"id":5941,"date":"2026-03-06T04:34:24","date_gmt":"2026-03-06T04:34:24","guid":{"rendered":"https:\/\/infoelnordeste.com\/?p=5941"},"modified":"2026-03-09T17:15:51","modified_gmt":"2026-03-09T17:15:51","slug":"corrientes-chaco-y-formosa-pediran-extender-el-subsidio-electrico-hasta-marzo-por-las-altas-temperaturas","status":"publish","type":"post","link":"https:\/\/infoelnordeste.com\/index.php\/2026\/03\/06\/corrientes-chaco-y-formosa-pediran-extender-el-subsidio-electrico-hasta-marzo-por-las-altas-temperaturas\/","title":{"rendered":"Corrientes, Chaco y Formosa pedir\u00e1n extender el subsidio el\u00e9ctrico hasta marzo por las altas temperaturas"},"content":{"rendered":"\n<h4 class=\"wp-block-heading\">El pedido ser\u00e1 elevado ante la Secretar\u00eda de Energ\u00eda de la Naci\u00f3n a trav\u00e9s de un documento conjunto elaborado por las distribuidoras energ\u00e9ticas de las tres provincias.<\/h4>\n\n\n\n<p>Las provincias de Corrientes, Chaco y Formosa solicitar\u00e1n al Gobierno nacional la extensi\u00f3n del subsidio el\u00e9ctrico vigente durante el verano para que el beneficio tambi\u00e9n alcance al mes de marzo, debido a las altas temperaturas que contin\u00faan registr\u00e1ndose en la regi\u00f3n del Nordeste argentino.<\/p>\n\n\n\n<p>El pedido ser\u00e1 elevado ante la Secretar\u00eda de Energ\u00eda de la Naci\u00f3n a trav\u00e9s de un documento conjunto elaborado por las distribuidoras energ\u00e9ticas de las tres provincias.<\/p>\n\n\n\n<p>La iniciativa fue acordada durante una reuni\u00f3n de trabajo realizada en Resistencia, en la que participaron representantes de Secheep, la Direcci\u00f3n Provincial de Energ\u00eda de Corrientes (DPEC) y la empresa REFSA. All\u00ed se definieron los lineamientos del planteo que ser\u00e1 presentado ante el Gobierno nacional para solicitar la revisi\u00f3n del esquema actual de subsidios.<\/p>\n\n\n\n<p>Desde la empresa energ\u00e9tica chaque\u00f1a recordaron que el esquema diferencial para provincias de zonas c\u00e1lidas fue posible gracias a gestiones impulsadas por el gobernador Leandro Zdero junto a otros mandatarios del Norte Grande.<\/p>\n\n\n\n<p>El argumento: el calor tambi\u00e9n en marzo<\/p>\n\n\n\n<p>El presidente de Secheep, Jos\u00e9 Bistoletti, explic\u00f3 que el pedido responde a la realidad clim\u00e1tica del NEA, donde las altas temperaturas suelen extenderse m\u00e1s all\u00e1 del verano.<\/p>\n\n\n\n<p>&#8220;Si tenemos en cuenta los registros de los \u00faltimos a\u00f1os y el de este 2026, las temperaturas de marzo ser\u00e1n tan c\u00e1lidas como en los meses previos. Por eso, junto a las distribuidoras de Corrientes y Formosa vamos a solicitar a la Secretar\u00eda de Energ\u00eda de la Naci\u00f3n una revisi\u00f3n del esquema y la extensi\u00f3n del beneficio&#8221;, se\u00f1al\u00f3.<\/p>\n\n\n\n<p>Actualmente, el r\u00e9gimen contempla un mayor volumen de consumo subsidiado entre diciembre y febrero, pero ese l\u00edmite se reduce de manera significativa a partir de marzo.<\/p>\n\n\n\n<p>El nuevo esquema nacional de subsidios<\/p>\n\n\n\n<p>El sistema vigente fue implementado por el Gobierno nacional en enero de 2026 mediante el Decreto 943\/2025, que cre\u00f3 el R\u00e9gimen de Subsidios Energ\u00e9ticos Focalizados (SEF).<\/p>\n\n\n\n<p>Con esta reforma se reemplaz\u00f3 el Registro de Acceso a los Subsidios a la Energ\u00eda (RASE) por el Registro de Subsidios Energ\u00e9ticos Focalizados (ReSEF), simplificando la segmentaci\u00f3n de usuarios en dos categor\u00edas:<\/p>\n\n\n\n<p>Hogares con subsidio<br>Hogares sin subsidio<br>El beneficio est\u00e1 destinado a familias con ingresos inferiores a tres canastas b\u00e1sicas totales y tambi\u00e9n contempla a grupos vulnerables, como hogares registrados en el Registro Nacional de Barrios Populares (ReNaBaP), veteranos de guerra y personas con discapacidad.<\/p>\n","protected":false},"excerpt":{"rendered":"<p>El pedido ser\u00e1 elevado ante [&hellip;]<\/p>\n","protected":false},"author":1,"featured_media":5942,"comment_status":"closed","ping_status":"closed","sticky":false,"template":"","format":"standard","meta":{"footnotes":""},"categories":[50],"tags":[],"class_list":["post-5941","post","type-post","status-publish","format-standard","has-post-thumbnail","hentry","category-economia"],"_links":{"self":[{"href":"https:\/\/infoelnordeste.com\/index.php\/wp-json\/wp\/v2\/posts\/5941","targetHints":{"allow":["GET"]}}],"collection":[{"href":"https:\/\/infoelnordeste.com\/index.php\/wp-json\/wp\/v2\/posts"}],"about":[{"href":"https:\/\/infoelnordeste.com\/index.php\/wp-json\/wp\/v2\/types\/post"}],"author":[{"embeddable":true,"href":"https:\/\/infoelnordeste.com\/index.php\/wp-json\/wp\/v2\/users\/1"}],"replies":[{"embeddable":true,"href":"https:\/\/infoelnordeste.com\/index.php\/wp-json\/wp\/v2\/comments?post=5941"}],"version-history":[{"count":1,"href":"https:\/\/infoelnordeste.com\/index.php\/wp-json\/wp\/v2\/posts\/5941\/revisions"}],"predecessor-version":[{"id":5943,"href":"https:\/\/infoelnordeste.com\/index.php\/wp-json\/wp\/v2\/posts\/5941\/revisions\/5943"}],"wp:featuredmedia":[{"embeddable":true,"href":"https:\/\/infoelnordeste.com\/index.php\/wp-json\/wp\/v2\/media\/5942"}],"wp:attachment":[{"href":"https:\/\/infoelnordeste.com\/index.php\/wp-json\/wp\/v2\/media?parent=5941"}],"wp:term":[{"taxonomy":"category","embeddable":true,"href":"https:\/\/infoelnordeste.com\/index.php\/wp-json\/wp\/v2\/categories?post=5941"},{"taxonomy":"post_tag","embeddable":true,"href":"https:\/\/infoelnordeste.com\/index.php\/wp-json\/wp\/v2\/tags?post=5941"}],"curies":[{"name":"wp","href":"https:\/\/api.w.org\/{rel}","templated":true}]}}