{"id":5919,"date":"2026-03-05T04:25:27","date_gmt":"2026-03-05T04:25:27","guid":{"rendered":"https:\/\/infoelnordeste.com\/?p=5919"},"modified":"2026-03-06T04:30:34","modified_gmt":"2026-03-06T04:30:34","slug":"un-hotel-correntino-se-convierte-en-el-unico-del-nea-en-la-guia-michelin","status":"publish","type":"post","link":"https:\/\/infoelnordeste.com\/index.php\/2026\/03\/05\/un-hotel-correntino-se-convierte-en-el-unico-del-nea-en-la-guia-michelin\/","title":{"rendered":"Un hotel correntino se convierte en el \u00fanico del NEA en la Gu\u00eda Michelin"},"content":{"rendered":"\n<h4 class=\"wp-block-heading\">La Alondra Casa de Hu\u00e9spedes fue incorporada a la prestigiosa Gu\u00eda Michelin, convirti\u00e9ndose en el \u00fanico establecimiento hotelero del nordeste argentino recomendado por la publicaci\u00f3n internacional.<\/h4>\n\n\n\n<p>El hotel boutique La Alondra Casa de Hu\u00e9spedes anunci\u00f3 su incorporaci\u00f3n a la reconocida Gu\u00eda Michelin, convirti\u00e9ndose en el \u00fanico establecimiento del nordeste argentino en recibir esta distinci\u00f3n.<\/p>\n\n\n\n<p>Ubicado en la ciudad de Corrientes, el hotel alcanza as\u00ed un reconocimiento internacional que destaca m\u00e1s de veinte a\u00f1os de trayectoria y una propuesta de hospitalidad basada en el concepto de &#8220;lujo silencioso&#8221;, centrado en la atenci\u00f3n personalizada, el detalle y la identidad local.<\/p>\n\n\n\n<p>La distinci\u00f3n ser\u00e1 presentada oficialmente este viernes 6 de marzo a las 18:30, durante un acto que contar\u00e1 con la presencia de autoridades provinciales y municipales, adem\u00e1s de invitados especiales y representantes de la prensa.<\/p>\n\n\n\n<p>C\u00f3mo es la selecci\u00f3n Michelin<\/p>\n\n\n\n<p>La Gu\u00eda Michelin selecciona hoteles y restaurantes mediante inspecciones independientes y an\u00f3nimas, realizadas por evaluadores que no mantienen v\u00ednculos comerciales con los establecimientos ni operan bajo sistemas de franquicia.<\/p>\n\n\n\n<p>En el caso de La Alondra, la recomendaci\u00f3n refleja un trabajo sostenido en hospitalidad y dise\u00f1o de experiencias, construido a partir de la est\u00e9tica, el entorno y la cultura local.<\/p>\n\n\n\n<p>Valeria Rol\u00f3n, cofundadora del proyecto, destac\u00f3 la importancia del reconocimiento internacional y el proceso que llev\u00f3 al establecimiento a alcanzar esta distinci\u00f3n.<\/p>\n\n\n\n<p>&#8220;Hace veinte a\u00f1os que estamos pensando La Alondra y hoy el mundo la mira&#8221;, se\u00f1al\u00f3.<\/p>\n\n\n\n<p>Proyecci\u00f3n internacional para el turismo local<\/p>\n\n\n\n<p>Con esta incorporaci\u00f3n, la ciudad de Corrientes suma un nuevo referente en hoteler\u00eda de alta gama y logra posicionarse dentro del circuito internacional del turismo de lujo.<\/p>\n\n\n\n<p>Desde el hotel destacaron que la presencia en la Gu\u00eda Michelin abre una nueva conversaci\u00f3n sobre el turismo en la regi\u00f3n, proyectando al nordeste argentino hacia audiencias internacionales y consolidando a la provincia como un destino cada vez m\u00e1s visible en el mapa global de la hospitalidad.<\/p>\n\n\n\n<p><\/p>\n","protected":false},"excerpt":{"rendered":"<p>La Alondra Casa de Hu\u00e9spedes [&hellip;]<\/p>\n","protected":false},"author":1,"featured_media":5920,"comment_status":"closed","ping_status":"closed","sticky":false,"template":"","format":"standard","meta":{"footnotes":""},"categories":[2],"tags":[],"class_list":["post-5919","post","type-post","status-publish","format-standard","has-post-thumbnail","hentry","category-locales"],"_links":{"self":[{"href":"https:\/\/infoelnordeste.com\/index.php\/wp-json\/wp\/v2\/posts\/5919","targetHints":{"allow":["GET"]}}],"collection":[{"href":"https:\/\/infoelnordeste.com\/index.php\/wp-json\/wp\/v2\/posts"}],"about":[{"href":"https:\/\/infoelnordeste.com\/index.php\/wp-json\/wp\/v2\/types\/post"}],"author":[{"embeddable":true,"href":"https:\/\/infoelnordeste.com\/index.php\/wp-json\/wp\/v2\/users\/1"}],"replies":[{"embeddable":true,"href":"https:\/\/infoelnordeste.com\/index.php\/wp-json\/wp\/v2\/comments?post=5919"}],"version-history":[{"count":1,"href":"https:\/\/infoelnordeste.com\/index.php\/wp-json\/wp\/v2\/posts\/5919\/revisions"}],"predecessor-version":[{"id":5921,"href":"https:\/\/infoelnordeste.com\/index.php\/wp-json\/wp\/v2\/posts\/5919\/revisions\/5921"}],"wp:featuredmedia":[{"embeddable":true,"href":"https:\/\/infoelnordeste.com\/index.php\/wp-json\/wp\/v2\/media\/5920"}],"wp:attachment":[{"href":"https:\/\/infoelnordeste.com\/index.php\/wp-json\/wp\/v2\/media?parent=5919"}],"wp:term":[{"taxonomy":"category","embeddable":true,"href":"https:\/\/infoelnordeste.com\/index.php\/wp-json\/wp\/v2\/categories?post=5919"},{"taxonomy":"post_tag","embeddable":true,"href":"https:\/\/infoelnordeste.com\/index.php\/wp-json\/wp\/v2\/tags?post=5919"}],"curies":[{"name":"wp","href":"https:\/\/api.w.org\/{rel}","templated":true}]}}