{"id":5907,"date":"2026-03-04T19:54:38","date_gmt":"2026-03-04T19:54:38","guid":{"rendered":"https:\/\/infoelnordeste.com\/?p=5907"},"modified":"2026-03-04T19:54:39","modified_gmt":"2026-03-04T19:54:39","slug":"nahuel-gallo-estuve-en-un-lugar-de-muchisima-tortura","status":"publish","type":"post","link":"https:\/\/infoelnordeste.com\/index.php\/2026\/03\/04\/nahuel-gallo-estuve-en-un-lugar-de-muchisima-tortura\/","title":{"rendered":"NAHUEL GALLO: &#8220;ESTUVE EN UN LUGAR DE MUCH\u00cdSIMA TORTURA&#8221;"},"content":{"rendered":"\n<p>El agente estuvo encarcelado por el chavismo en la c\u00e1rcel de El Rodeo 1. Est\u00e1 acompa\u00f1ado por la ministra de Seguridad, Alejandra Monteoliva, la senadora nacional Patricia Bullrich y el jefe de la fuerza de seguridad.<\/p>\n\n\n\n<p>Luego de haber sido&nbsp;liberado&nbsp;por el chavismo,&nbsp;<strong>Nahuel Gallo<\/strong>&nbsp;<strong>habla por primera vez<\/strong>&nbsp;esta tarde&nbsp;sobre su detenci\u00f3n en Venezuela.<\/p>\n\n\n\n<p>La&nbsp;<strong>conferencia de prensa<\/strong>&nbsp;es en el edificio Centinela junto a la ministra de Seguridad, Alejandra Monteoliva, la senadora nacional&nbsp;Patricia Bullrich&nbsp;y el jefe de la Gendarmer\u00eda Nacional, comandante general Claudio Brilloni.<\/p>\n\n\n\n<p>\u201cYo soy Nahuel Gallo.&nbsp;<strong>S\u00e9 que no es f\u00e1cil estar ac\u00e1&nbsp;adelante de ustedes. Yo ped\u00ed declarar.<\/strong>&nbsp;He visto muy poco, tengo muy poca informaci\u00f3n, estoy asimilando todo. Pero fui yo quien pidi\u00f3 un momento para&nbsp;dar mi palabra\u201c, comenz\u00f3 el gendarme.<\/p>\n\n\n\n<p>En ese sentido,&nbsp;<strong>confirm\u00f3 que se encuentra bien de salud<\/strong>&nbsp;y que le siguen haciendo chequeos.&nbsp;\u201cEstoy tratando de poder reinsertarme en la sociedad\u201d, dijo.<\/p>\n\n\n\n<p>Sobre su estad\u00eda en el edificio Centinela, aclar\u00f3: \u201cEsta es mi casa, me siento parte. La he defendido a esta instituci\u00f3n y a mi bandera. Y&nbsp;<strong>me han hecho saber en el estado venezolano que Argentina me ha pedido<\/strong>\u201d.<\/p>\n\n\n\n<p>\u201cEl Rodeo 1 no es muy bueno,<strong>&nbsp;es un lugar de tortura psicol\u00f3gica&nbsp;y no muy grata para contar en estos momentos<\/strong>. Solamente con pensarlo titubeo\u201d, relat\u00f3 sobre la c\u00e1rcel donde permaneci\u00f3 detenido.<\/p>\n\n\n\n<p>Precis\u00f3 que hay todav\u00eda 24 extranjeros m\u00e1s que esperan ser liberados: \u201cNo te avisan qu\u00e9 vas a hacer o qu\u00e9 va a pasar. Es incertidumbre y muchos pensamientos sobre lo que va a pasar. Gracias a Dios,&nbsp;<strong>mi fortaleza es mi hijo, es lo \u00fanico que me mantuvo fuerte<\/strong>\u201c.<\/p>\n\n\n\n<p>Gallo fue liberado este domingo&nbsp;<strong>luego de haber estado 448 d\u00edas detenido en la c\u00e1rcel El Rodeo 1.<\/strong>&nbsp;Lleg\u00f3 al pa\u00eds con una comitiva de la AFA en la madrugada del lunes. All\u00ed fue recibido por su esposa, Mar\u00eda Alexandra,&nbsp;su hijo V\u00edctor, de 3 a\u00f1os, su madre&nbsp;Griselda Heredia&nbsp;y funcionarios nacionales.<\/p>\n\n\n\n<p>La primera imagen que trascendi\u00f3 de \u00e9l fue en el aeropuerto con el nene en brazos, en medio de un fuerte operativo de seguridad y hermetismo oficial.<\/p>\n\n\n\n<p>A partir de entonces, Gallo se mantuvo resguardado en el complejo perteneciente a la Gendarmer\u00eda, donde comenzaron a realizarle estudios m\u00e9dicos para corroborar su estado de salud.<\/p>\n","protected":false},"excerpt":{"rendered":"<p>El agente estuvo encarcelado por [&hellip;]<\/p>\n","protected":false},"author":1,"featured_media":5909,"comment_status":"closed","ping_status":"closed","sticky":false,"template":"","format":"standard","meta":{"footnotes":""},"categories":[1],"tags":[],"class_list":["post-5907","post","type-post","status-publish","format-standard","has-post-thumbnail","hentry","category-sin-categoria"],"_links":{"self":[{"href":"https:\/\/infoelnordeste.com\/index.php\/wp-json\/wp\/v2\/posts\/5907","targetHints":{"allow":["GET"]}}],"collection":[{"href":"https:\/\/infoelnordeste.com\/index.php\/wp-json\/wp\/v2\/posts"}],"about":[{"href":"https:\/\/infoelnordeste.com\/index.php\/wp-json\/wp\/v2\/types\/post"}],"author":[{"embeddable":true,"href":"https:\/\/infoelnordeste.com\/index.php\/wp-json\/wp\/v2\/users\/1"}],"replies":[{"embeddable":true,"href":"https:\/\/infoelnordeste.com\/index.php\/wp-json\/wp\/v2\/comments?post=5907"}],"version-history":[{"count":1,"href":"https:\/\/infoelnordeste.com\/index.php\/wp-json\/wp\/v2\/posts\/5907\/revisions"}],"predecessor-version":[{"id":5910,"href":"https:\/\/infoelnordeste.com\/index.php\/wp-json\/wp\/v2\/posts\/5907\/revisions\/5910"}],"wp:featuredmedia":[{"embeddable":true,"href":"https:\/\/infoelnordeste.com\/index.php\/wp-json\/wp\/v2\/media\/5909"}],"wp:attachment":[{"href":"https:\/\/infoelnordeste.com\/index.php\/wp-json\/wp\/v2\/media?parent=5907"}],"wp:term":[{"taxonomy":"category","embeddable":true,"href":"https:\/\/infoelnordeste.com\/index.php\/wp-json\/wp\/v2\/categories?post=5907"},{"taxonomy":"post_tag","embeddable":true,"href":"https:\/\/infoelnordeste.com\/index.php\/wp-json\/wp\/v2\/tags?post=5907"}],"curies":[{"name":"wp","href":"https:\/\/api.w.org\/{rel}","templated":true}]}}