{"id":5904,"date":"2026-03-04T19:53:44","date_gmt":"2026-03-04T19:53:44","guid":{"rendered":"https:\/\/infoelnordeste.com\/?p=5904"},"modified":"2026-03-04T19:53:45","modified_gmt":"2026-03-04T19:53:45","slug":"la-abogada-argentina-acusada-de-racismo-en-brasil-ira-a-juicio-oral","status":"publish","type":"post","link":"https:\/\/infoelnordeste.com\/index.php\/2026\/03\/04\/la-abogada-argentina-acusada-de-racismo-en-brasil-ira-a-juicio-oral\/","title":{"rendered":"LA ABOGADA ARGENTINA ACUSADA DE RACISMO EN BRASIL IR\u00c1 A JUICIO ORAL"},"content":{"rendered":"\n<p>La Justicia de R\u00edo de Janeiro elev\u00f3 la causa por injuria racial. La Fiscal\u00eda rechaz\u00f3 el pedido para que la imputada regrese a Argentina mientras avanza el proceso.<\/p>\n\n\n\n<p>La Justicia de Brasil resolvi\u00f3 elevar a juicio oral la causa contra la abogada argentina Agostina P\u00e1ez, acusada de haber realizado gestos racistas en un bar de R\u00edo de Janeiro. Adem\u00e1s, continuar\u00e1 vigente la prohibici\u00f3n para que abandone el pa\u00eds mientras se desarrolla el proceso.<\/p>\n\n\n\n<p>\u201cEl Ministerio P\u00fablico Fiscal rechaz\u00f3 toda la defensa. Elevaron la causa a juicio y pidieron que se fije una nueva fecha de audiencia\u201d, expres\u00f3 la joven en declaraciones al medio TN.<\/p>\n\n\n\n<p>P\u00e1ez est\u00e1 imputada por el delito de injuria racial, que en Brasil contempla una pena de dos a cinco a\u00f1os de prisi\u00f3n. El episodio que origin\u00f3 la causa ocurri\u00f3 el 14 de enero en un bar del barrio de Ipanema, en R\u00edo de Janeiro, tras una discusi\u00f3n por la cuenta del consumo.<\/p>\n\n\n\n<p>D\u00edas atr\u00e1s, la defensa present\u00f3 un h\u00e1beas corpus de 50 p\u00e1ginas en el que cuestion\u00f3 la validez del expediente y reclam\u00f3 garant\u00edas legales. Seg\u00fan explic\u00f3 su padre, Mariano P\u00e1ez, el recurso detallaba horarios y referencias a c\u00e1maras de seguridad que, de acuerdo con la estrategia defensiva, no habr\u00edan sido incorporadas a la causa.<\/p>\n\n\n\n<p>El Ministerio P\u00fablico Fiscal de R\u00edo de Janeiro rechaz\u00f3 tanto los planteos t\u00e9cnicos como el pedido para que la acusada pudiera regresar a Argentina y afrontar el proceso desde su pa\u00eds de origen. \u201cYa le queda poco dinero\u201d, se\u00f1al\u00f3 una fuente cercana a P\u00e1ez en declaraciones a Infobae, al indicar que la abogada afronta los gastos de su estad\u00eda en Brasil con ahorros propios.<\/p>\n\n\n\n<p>En el dictamen, la Fiscal\u00eda consider\u00f3 que autorizar su salida podr\u00eda debilitar el control judicial y complicar la eventual ejecuci\u00f3n de una pena, debido a \u201cla severidad del hecho y la pol\u00edtica de tolerancia cero contra el racismo en la ley brasile\u00f1a\u201d. Adem\u00e1s, solicit\u00f3 avanzar hacia la audiencia de instrucci\u00f3n y juicio oral.<\/p>\n\n\n\n<p>La defensa sostuvo que no existi\u00f3 \u201cdolo\u201d, es decir, intenci\u00f3n de cometer un delito, y que la acusada habr\u00eda actuado por desconocimiento cultural de la normativa brasile\u00f1a. Tambi\u00e9n cuestion\u00f3 la validez de pruebas digitales y denunci\u00f3 supuesta parcialidad de testigos.<\/p>\n\n\n\n<p>Para la acusaci\u00f3n, en cambio, la denuncia cumple con los requisitos legales y cuenta con pruebas suficientes, entre ellas testimonios y registros en video. El documento se\u00f1ala que \u201clos hechos y las v\u00edctimas est\u00e1n identificados, la descripci\u00f3n de los eventos es precisa y existen pruebas suficientes (\u2026) para continuar el proceso\u201d.<\/p>\n\n\n\n<p>Asimismo, el Ministerio P\u00fablico record\u00f3 que, tras la sanci\u00f3n de la Ley 14.532\/2023, la injuria racial pas\u00f3 a ser considerada una forma de racismo en Brasil, con un tratamiento m\u00e1s severo que una ofensa com\u00fan.<\/p>\n\n\n\n<p>En relaci\u00f3n con el pedido de regreso a Argentina, la Fiscal\u00eda indic\u00f3 que el Tratado de Transferencia de Personas Condenadas entre ambos pa\u00edses solo rige una vez dictada una condena definitiva y con la aceptaci\u00f3n de las partes. \u201cLa autorizaci\u00f3n para que P\u00e1ez regrese a su pa\u00eds durante la investigaci\u00f3n perjudicar\u00eda el normal avance de la causa y debilitar\u00eda los controles jurisdiccionales\u201d, sostiene el escrito.<\/p>\n","protected":false},"excerpt":{"rendered":"<p>La Justicia de R\u00edo de [&hellip;]<\/p>\n","protected":false},"author":1,"featured_media":5905,"comment_status":"closed","ping_status":"closed","sticky":false,"template":"","format":"standard","meta":{"footnotes":""},"categories":[1],"tags":[],"class_list":["post-5904","post","type-post","status-publish","format-standard","has-post-thumbnail","hentry","category-sin-categoria"],"_links":{"self":[{"href":"https:\/\/infoelnordeste.com\/index.php\/wp-json\/wp\/v2\/posts\/5904","targetHints":{"allow":["GET"]}}],"collection":[{"href":"https:\/\/infoelnordeste.com\/index.php\/wp-json\/wp\/v2\/posts"}],"about":[{"href":"https:\/\/infoelnordeste.com\/index.php\/wp-json\/wp\/v2\/types\/post"}],"author":[{"embeddable":true,"href":"https:\/\/infoelnordeste.com\/index.php\/wp-json\/wp\/v2\/users\/1"}],"replies":[{"embeddable":true,"href":"https:\/\/infoelnordeste.com\/index.php\/wp-json\/wp\/v2\/comments?post=5904"}],"version-history":[{"count":1,"href":"https:\/\/infoelnordeste.com\/index.php\/wp-json\/wp\/v2\/posts\/5904\/revisions"}],"predecessor-version":[{"id":5906,"href":"https:\/\/infoelnordeste.com\/index.php\/wp-json\/wp\/v2\/posts\/5904\/revisions\/5906"}],"wp:featuredmedia":[{"embeddable":true,"href":"https:\/\/infoelnordeste.com\/index.php\/wp-json\/wp\/v2\/media\/5905"}],"wp:attachment":[{"href":"https:\/\/infoelnordeste.com\/index.php\/wp-json\/wp\/v2\/media?parent=5904"}],"wp:term":[{"taxonomy":"category","embeddable":true,"href":"https:\/\/infoelnordeste.com\/index.php\/wp-json\/wp\/v2\/categories?post=5904"},{"taxonomy":"post_tag","embeddable":true,"href":"https:\/\/infoelnordeste.com\/index.php\/wp-json\/wp\/v2\/tags?post=5904"}],"curies":[{"name":"wp","href":"https:\/\/api.w.org\/{rel}","templated":true}]}}