{"id":5901,"date":"2026-03-04T19:51:00","date_gmt":"2026-03-04T19:51:00","guid":{"rendered":"https:\/\/infoelnordeste.com\/?p=5901"},"modified":"2026-03-04T19:51:01","modified_gmt":"2026-03-04T19:51:01","slug":"renuncio-cuneo-libarona-juan-mahiques-es-nuevo-ministro-de-justicia","status":"publish","type":"post","link":"https:\/\/infoelnordeste.com\/index.php\/2026\/03\/04\/renuncio-cuneo-libarona-juan-mahiques-es-nuevo-ministro-de-justicia\/","title":{"rendered":"RENUNCI\u00d3 C\u00daNEO LIBARONA: JUAN MAHIQUES ES NUEVO MINISTRO DE JUSTICIA"},"content":{"rendered":"\n<p>El Presidente acept\u00f3 la salida del funcionario y oficializ\u00f3 a su sucesor al frente de una cartera clave. El cambio se concret\u00f3 antes del viaje del mandatario a Estados Unidos.<\/p>\n\n\n\n<p>El ministro de Justicia,&nbsp;Mariano C\u00faneo Libarona, renunci\u00f3 este mi\u00e9rcoles a su cargo y el presidente&nbsp;Javier Milei&nbsp;design\u00f3 en su reemplazo a&nbsp;Juan Bautista Mahiques.<\/p>\n\n\n\n<p>La decisi\u00f3n se formaliz\u00f3 tras una reuni\u00f3n en la Casa Rosada y fue confirmada por el Gobierno. El ahora exfuncionario volver\u00e1 al \u00e1mbito privado, mientras que el nuevo titular asumir\u00e1 de inmediato.<\/p>\n\n\n\n<h2 class=\"wp-block-heading\"><strong>Qui\u00e9n es Juan Bautista Mahiques, el nuevo ministro de Justicia<\/strong><\/h2>\n\n\n\n<p>Juan Bautista Mahiques fue elegido por el Presidente para conducir una de las carteras m\u00e1s sensibles del Gabinete, en un contexto de reformas institucionales y alta exposici\u00f3n pol\u00edtica. Desde el Ejecutivo destacaron la necesidad de garantizar continuidad en la gesti\u00f3n y avanzar con la agenda prevista para el \u00e1rea.<\/p>\n\n\n\n<p>Seg\u00fan se inform\u00f3, el decreto de aceptaci\u00f3n de la renuncia y designaci\u00f3n del sucesor se publicar\u00e1 en las pr\u00f3ximas horas en el&nbsp;Bolet\u00edn Oficial.<\/p>\n\n\n\n<h2 class=\"wp-block-heading\"><strong>Un cambio estrat\u00e9gico antes de la gira internacional<\/strong><\/h2>\n\n\n\n<p>La salida de C\u00faneo Libarona se confirm\u00f3 tras una reuni\u00f3n que mantuvo con el presidente en la Quinta de Olivos. La llegada de&nbsp;Juan Bautista Mahiques&nbsp;se concret\u00f3 antes del viaje oficial de Milei a Estados Unidos. En la Casa Rosada buscan cerrar una transici\u00f3n sin demoras para evitar incertidumbre en el frente judicial.<\/p>\n\n\n\n<p>Hasta el momento,&nbsp;no se difundieron los motivos formales de la renuncia, aunque fuentes oficiales se\u00f1alaron que la decisi\u00f3n se tom\u00f3 de com\u00fan acuerdo. Con la designaci\u00f3n ya confirmada, el Gobierno apuesta a dar una se\u00f1al de estabilidad en un \u00e1rea clave de su gesti\u00f3n.<\/p>\n","protected":false},"excerpt":{"rendered":"<p>El Presidente acept\u00f3 la salida [&hellip;]<\/p>\n","protected":false},"author":1,"featured_media":5902,"comment_status":"closed","ping_status":"closed","sticky":false,"template":"","format":"standard","meta":{"footnotes":""},"categories":[1],"tags":[],"class_list":["post-5901","post","type-post","status-publish","format-standard","has-post-thumbnail","hentry","category-sin-categoria"],"_links":{"self":[{"href":"https:\/\/infoelnordeste.com\/index.php\/wp-json\/wp\/v2\/posts\/5901","targetHints":{"allow":["GET"]}}],"collection":[{"href":"https:\/\/infoelnordeste.com\/index.php\/wp-json\/wp\/v2\/posts"}],"about":[{"href":"https:\/\/infoelnordeste.com\/index.php\/wp-json\/wp\/v2\/types\/post"}],"author":[{"embeddable":true,"href":"https:\/\/infoelnordeste.com\/index.php\/wp-json\/wp\/v2\/users\/1"}],"replies":[{"embeddable":true,"href":"https:\/\/infoelnordeste.com\/index.php\/wp-json\/wp\/v2\/comments?post=5901"}],"version-history":[{"count":1,"href":"https:\/\/infoelnordeste.com\/index.php\/wp-json\/wp\/v2\/posts\/5901\/revisions"}],"predecessor-version":[{"id":5903,"href":"https:\/\/infoelnordeste.com\/index.php\/wp-json\/wp\/v2\/posts\/5901\/revisions\/5903"}],"wp:featuredmedia":[{"embeddable":true,"href":"https:\/\/infoelnordeste.com\/index.php\/wp-json\/wp\/v2\/media\/5902"}],"wp:attachment":[{"href":"https:\/\/infoelnordeste.com\/index.php\/wp-json\/wp\/v2\/media?parent=5901"}],"wp:term":[{"taxonomy":"category","embeddable":true,"href":"https:\/\/infoelnordeste.com\/index.php\/wp-json\/wp\/v2\/categories?post=5901"},{"taxonomy":"post_tag","embeddable":true,"href":"https:\/\/infoelnordeste.com\/index.php\/wp-json\/wp\/v2\/tags?post=5901"}],"curies":[{"name":"wp","href":"https:\/\/api.w.org\/{rel}","templated":true}]}}