{"id":5897,"date":"2026-03-04T19:39:03","date_gmt":"2026-03-04T19:39:03","guid":{"rendered":"https:\/\/infoelnordeste.com\/?p=5897"},"modified":"2026-03-04T19:39:03","modified_gmt":"2026-03-04T19:39:03","slug":"muerte-de-santino-aseguran-que-el-conductor-entro-en-panico-y-huyo","status":"publish","type":"post","link":"https:\/\/infoelnordeste.com\/index.php\/2026\/03\/04\/muerte-de-santino-aseguran-que-el-conductor-entro-en-panico-y-huyo\/","title":{"rendered":"MUERTE DE SANTINO: ASEGURAN QUE EL CONDUCTOR &#8220;ENTR\u00d3 EN P\u00c1NICO&#8221; Y HUY\u00d3"},"content":{"rendered":"\n<p>As\u00ed lo asegur\u00f3 el abogado defensor del joven que protagoniz\u00f3 el siniestro vial que dej\u00f3 como tr\u00e1gico saldo la muerte de Santino Alcaraz. El Dr. Jorge Barboza dialog\u00f3 con Radio Sudamericana en exclusiva y dijo que el conductor\u00a0del Fiat Palio, de apellido Torres, huy\u00f3 porque &#8220;entr\u00f3 en p\u00e1nico&#8221;. Manifest\u00f3 adem\u00e1s que el rodado era de un tercero y circulaba con el seguro vencido.<audio src=\"https:\/\/www.radiosudamericana.com\/notix\/multimedia\/audios\/2026-03-04\/542588.mp3\"><\/audio><\/p>\n\n\n\n<p>En la ma\u00f1ana de este mi\u00e9rcoles&nbsp;<strong>se entreg\u00f3 y qued\u00f3&nbsp;detenido el conductor del autom\u00f3vil<\/strong>&nbsp;que protagoniz\u00f3 un accidente en el que muri\u00f3&nbsp;<strong>Santino Tiziano Alcaraz,<\/strong>&nbsp;el joven de 20 a\u00f1os. El siniestro ocurri\u00f3 el lunes por la tarde en la intersecci\u00f3n de calle Cuba y Paul Groussac, en el barrio Nuestra Se\u00f1ora de la Asunci\u00f3n de la ciudad de Corrientes.<\/p>\n\n\n\n<p>En di\u00e1logo con Radio Sudamericana el&nbsp;<strong>Dr. Jorge Barboza,<\/strong>&nbsp;abogado del joven de 25 a\u00f1os de apellido Torres, dijo \u201ces un hecho lamentable donde un joven de tan solo 20 a\u00f1os perdi\u00f3 la vida,<strong>&nbsp;lastimosamente nuestro cliente no tom\u00f3 la mejor decisi\u00f3n<\/strong>, ya que es un imperativo legal permanecer en el accidente\u201d.<\/p>\n\n\n\n<p>Asimismo a\u00f1adi\u00f3: \u201cNuestro consejo fue ponerse a disposici\u00f3n de la Justicia que es lo que corresponde. Nos vamos a enterar bien cu\u00e1l es la imputaci\u00f3n entiendo que ser\u00e1 \u201cHomicidio culposo\u201d y all\u00ed veremos cu\u00e1les son las pruebas con las que cuenta la fiscal\u00eda y \u00e9l dar\u00e1 su versi\u00f3n de los hechos, de c\u00f3mo se produjo el accidente\u201d.<\/p>\n\n\n\n<p>\u201cHay filmaciones que andan circulando por redes sociales que nos ilustran y nos cuentan, m\u00e1s o menos, c\u00f3mo ocurri\u00f3 el accidente.&nbsp;<strong>\u00c9l va a dar su versi\u00f3n de los hechos, de c\u00f3mo ocurri\u00f3 el accidente, seg\u00fan su perspectiva<\/strong>. Veremos si es posible, a trav\u00e9s de los peritos &nbsp;con los videos que hay, y con alg\u00fan rastro que se haya recogido en el lugar del hecho, poder reconstruir la din\u00e1mica del accidente, que nos va a determinar las responsabilidades\u201d, explic\u00f3 el letrado.<\/p>\n\n\n\n<p>El Dr. tambi\u00e9n aclar\u00f3: \u201cE<strong>l veh\u00edculo ya est\u00e1 a disposici\u00f3n de la Justicia, pertenece a un tercero que le prest\u00f3\u201d.<\/strong>&nbsp;Adem\u00e1s, dijo que Torres es oriundo de la ciudad de Corrientes.<\/p>\n\n\n\n<p>\u201cLastimosamente se asust\u00f3 porque el auto era de un tercero,&nbsp;<strong>aparentemente el seguro estaba vencido<\/strong>, el due\u00f1o le prest\u00f3 para hacer un mandado y se encontr\u00f3 con esta situaci\u00f3n. No tom\u00f3 la mejor decisi\u00f3n, se lo hicimos saber pero son situaciones que est\u00e1n en la psicolog\u00eda de cada uno, &nbsp;<strong>\u00e9l nos manifest\u00f3 que entr\u00f3 en p\u00e1nico y se fue<\/strong>\u201d, indic\u00f3 el abogado.<\/p>\n\n\n\n<p>Otro de los puntos sobre los que despej\u00f3 dudas fue sobre el historial delictivo de Torres y asegur\u00f3 \u201c<strong>no tiene antecedentes<\/strong>, trabaja con los padres en un kiosco que tienen. Ese lunes empezaba en el turno noche la escuela secundaria\u201d.<\/p>\n\n\n\n<p>A su vez, remarc\u00f3: \u201cHay videos que muestran que mi cliente no lo atropell\u00f3, es una discusi\u00f3n que por el momento no la quiero tener porque hay que respetar el dolor de la familia del chico fallecido. Seguramente los peritos van a intentar reconstruir la din\u00e1mica del accidente que ser\u00e1 muy importante para determinar qui\u00e9n es el veh\u00edculo embistente y embestido\u201d.<\/p>\n\n\n\n<p>\u201cEl conductor iba solo, el auto lo us\u00f3 el lunes aleatoriamente. \u00c9l vive con los padres\u201d, se\u00f1al\u00f3 el Dr. Barboza y para concluir detall\u00f3 \u201cexiste la posibilidad de que no quede detenido porque no hay una orden de detenci\u00f3n del Juez de Garant\u00edas, pero eso no impide que con posterioridad la fiscal pueda hacer uso de algunas facultades que tiene para ordenar su aprehensi\u00f3n moment\u00e1nea por el plazo de 72 horas\u201d.<\/p>\n","protected":false},"excerpt":{"rendered":"<p>As\u00ed lo asegur\u00f3 el abogado [&hellip;]<\/p>\n","protected":false},"author":1,"featured_media":5898,"comment_status":"closed","ping_status":"closed","sticky":false,"template":"","format":"standard","meta":{"footnotes":""},"categories":[1],"tags":[],"class_list":["post-5897","post","type-post","status-publish","format-standard","has-post-thumbnail","hentry","category-sin-categoria"],"_links":{"self":[{"href":"https:\/\/infoelnordeste.com\/index.php\/wp-json\/wp\/v2\/posts\/5897","targetHints":{"allow":["GET"]}}],"collection":[{"href":"https:\/\/infoelnordeste.com\/index.php\/wp-json\/wp\/v2\/posts"}],"about":[{"href":"https:\/\/infoelnordeste.com\/index.php\/wp-json\/wp\/v2\/types\/post"}],"author":[{"embeddable":true,"href":"https:\/\/infoelnordeste.com\/index.php\/wp-json\/wp\/v2\/users\/1"}],"replies":[{"embeddable":true,"href":"https:\/\/infoelnordeste.com\/index.php\/wp-json\/wp\/v2\/comments?post=5897"}],"version-history":[{"count":1,"href":"https:\/\/infoelnordeste.com\/index.php\/wp-json\/wp\/v2\/posts\/5897\/revisions"}],"predecessor-version":[{"id":5899,"href":"https:\/\/infoelnordeste.com\/index.php\/wp-json\/wp\/v2\/posts\/5897\/revisions\/5899"}],"wp:featuredmedia":[{"embeddable":true,"href":"https:\/\/infoelnordeste.com\/index.php\/wp-json\/wp\/v2\/media\/5898"}],"wp:attachment":[{"href":"https:\/\/infoelnordeste.com\/index.php\/wp-json\/wp\/v2\/media?parent=5897"}],"wp:term":[{"taxonomy":"category","embeddable":true,"href":"https:\/\/infoelnordeste.com\/index.php\/wp-json\/wp\/v2\/categories?post=5897"},{"taxonomy":"post_tag","embeddable":true,"href":"https:\/\/infoelnordeste.com\/index.php\/wp-json\/wp\/v2\/tags?post=5897"}],"curies":[{"name":"wp","href":"https:\/\/api.w.org\/{rel}","templated":true}]}}